{"id":1354,"date":"2016-09-19T21:01:36","date_gmt":"2016-09-19T19:01:36","guid":{"rendered":"http:\/\/asym.dk\/?p=1354"},"modified":"2016-09-19T21:01:36","modified_gmt":"2016-09-19T19:01:36","slug":"protreptisk-samtalesalon-4-kontrol-er-frihed-men-er-vores-frihed-blevet-kontrolleret","status":"publish","type":"post","link":"https:\/\/www.asym.dk\/index.php\/2016\/09\/19\/protreptisk-samtalesalon-4-kontrol-er-frihed-men-er-vores-frihed-blevet-kontrolleret\/","title":{"rendered":"10. oktober: Protreptisk samtalesalon 4: Kontrol er frihed, men er vores frihed blevet kontrolleret?"},"content":{"rendered":"<p>Det var\u00a0sp\u00e6ndende at lege med det store sp\u00f8rgsm\u00e5l &#8220;<a href=\"http:\/\/asym.dk\/2016\/08\/07\/protreptisk-samtalesalon-3-hvem-er-jeg\/\">hvem er jeg?&#8221; <\/a>i august. Gode fort\u00e6llinger og indslag formede sig og vendte os mod v\u00e6rdierne, og vi opdagede, at nok er vores v\u00e6rdier meget personlige, men vi er dog bundet sammen af dem mens vi vandrer p\u00e5 de stejle skr\u00e6nter p\u00e5 bjerget.<br \/>\nDet kan v\u00e6re sv\u00e6rt at vide, hvem man er. Engang var det myndighederne, der vidste det. Det slog mig forleden, at\u00a0i dag er det Outlook, Facebook og Google der ved det.<br \/>\nDe senere \u00e5r er der sket noget i arbejdslivet og m\u00e5ske ogs\u00e5 i dagliglivet, for kontrollen har udviklet sig i takt med at it er alle vegne. Systemerne i samfundet er ogs\u00e5 blevet mere og mere kontrollerende i samme takt. Kontrollen fylder.<br \/>\nMen hvad med friheden?<br \/>\nMin kloge s\u00f8n siger, at kontrol er frihed. Det er noget med at have kontrol, men ogs\u00e5 at v\u00e6re kontrolleret. At have frihed til kontrol. At kunne kontrollere sig til frihed. &#8230;<br \/>\nDet er vi nysgerrige p\u00e5 og derfor inviterer til samtale om frihed, der er knyttet til alle de fire menneskelige v\u00e6rdier, det gode, det sande, det smukke og det retf\u00e6rdige.<br \/>\nSom altid i samtalesalonen er alle frie til at sige og t\u00e6nke, hvad vi kan om emnet, og undervejs, denne gang, vil Karen tale om selve protreptikken.<br \/>\nSkynd dig at melde dig til, for vi har valgt at begr\u00e6nse antallet af deltagere i kredsen til otte.<br \/>\nDato: <b>10. oktober 2016<\/b><br \/>\nTidspunkt: <b>16.00 \u2013 18.30<\/b><br \/>\nSted: <b>Gjesing Coaching, Prinsesse Charlottesgade 31, kld, 2200 K\u00f8benhavn N<\/b><br \/>\nTilmelding til: <a href=\"mailto:karengjesing@privat.dk\">karengjesing@privat.dk<\/a> <strong>(obligatorisk af hensyn til forplejning)<\/strong><br \/>\nVenlige hilsner<br \/>\n<i>Karen Gjesing<\/i><br \/>\nGjesing Coaching<br \/>\n<a href=\"mailto:karengjesing@privat.dk\">karengjesing@privat.dk<\/a> \/ 35 37 82 04<br \/>\n<i>Anders Dinsen<\/i><br \/>\nASYM APS<br \/>\n<a href=\"mailto:ad@asym.dk\">ad@asym.dk<\/a> \/ 28 18 49 25<br \/>\n<figure id=\"attachment_1397\" aria-describedby=\"caption-attachment-1397\" style=\"width: 4241px\" class=\"wp-caption alignnone\"><img loading=\"lazy\" class=\"alignnone size-full wp-image-1397\" src=\"https:\/\/asymaps.files.wordpress.com\/2016\/09\/dsc_3446.jpg\" alt=\"dsc_3446\" width=\"4241\" height=\"2817\" \/><figcaption id=\"caption-attachment-1397\" class=\"wp-caption-text\">Tag trappen ned og hop i. Vi sv\u00f8mmer en tur i begrebet &#8220;frihed&#8221;.<\/figcaption><\/figure><\/p>\n","protected":false},"excerpt":{"rendered":"<p>Det var\u00a0sp\u00e6ndende at lege med det store sp\u00f8rgsm\u00e5l &#8220;hvem er jeg?&#8221; i august. Gode fort\u00e6llinger og indslag formede sig og vendte os mod v\u00e6rdierne, og vi opdagede, at nok er vores v\u00e6rdier meget personlige, men vi er dog bundet sammen af dem mens vi vandrer p\u00e5 de stejle skr\u00e6nter p\u00e5 bjerget. Det kan v\u00e6re sv\u00e6rt [&hellip;]<\/p>\n","protected":false},"author":2,"featured_media":1397,"comment_status":"open","ping_status":"open","sticky":false,"template":"","format":"standard","meta":[],"categories":[5,6],"tags":[64,72],"_links":{"self":[{"href":"https:\/\/www.asym.dk\/index.php\/wp-json\/wp\/v2\/posts\/1354"}],"collection":[{"href":"https:\/\/www.asym.dk\/index.php\/wp-json\/wp\/v2\/posts"}],"about":[{"href":"https:\/\/www.asym.dk\/index.php\/wp-json\/wp\/v2\/types\/post"}],"author":[{"embeddable":true,"href":"https:\/\/www.asym.dk\/index.php\/wp-json\/wp\/v2\/users\/2"}],"replies":[{"embeddable":true,"href":"https:\/\/www.asym.dk\/index.php\/wp-json\/wp\/v2\/comments?post=1354"}],"version-history":[{"count":0,"href":"https:\/\/www.asym.dk\/index.php\/wp-json\/wp\/v2\/posts\/1354\/revisions"}],"wp:featuredmedia":[{"embeddable":true,"href":"https:\/\/www.asym.dk\/index.php\/wp-json\/wp\/v2\/media\/1397"}],"wp:attachment":[{"href":"https:\/\/www.asym.dk\/index.php\/wp-json\/wp\/v2\/media?parent=1354"}],"wp:term":[{"taxonomy":"category","embeddable":true,"href":"https:\/\/www.asym.dk\/index.php\/wp-json\/wp\/v2\/categories?post=1354"},{"taxonomy":"post_tag","embeddable":true,"href":"https:\/\/www.asym.dk\/index.php\/wp-json\/wp\/v2\/tags?post=1354"}],"curies":[{"name":"wp","href":"https:\/\/api.w.org\/{rel}","templated":true}]}}